{"id":872,"date":"2020-09-15T04:45:20","date_gmt":"2020-09-15T04:45:20","guid":{"rendered":"http:\/\/andreaarias.com.gt\/blog\/?page_id=872"},"modified":"2025-11-29T21:18:35","modified_gmt":"2025-11-30T03:18:35","slug":"guatemala-tierra-linda-3","status":"publish","type":"post","link":"https:\/\/andreaarias.com.gt\/BLOG\/guatemala-tierra-linda-3\/","title":{"rendered":"GUATEMALA TIERRA LINDA"},"content":{"rendered":"\n<div class=\"wp-block-image is-style-rounded\"><figure class=\"aligncenter size-large is-resized\"><img fetchpriority=\"high\" decoding=\"async\" src=\"http:\/\/andreaarias.com.gt\/blog\/wp-content\/uploads\/2020\/09\/BANNER-BLOG-1-03-1024x294.png\" alt=\"\" class=\"wp-image-853\" width=\"606\" height=\"173\" srcset=\"https:\/\/andreaarias.com.gt\/BLOG\/wp-content\/uploads\/2020\/09\/BANNER-BLOG-1-03-1024x294.png 1024w, https:\/\/andreaarias.com.gt\/BLOG\/wp-content\/uploads\/2020\/09\/BANNER-BLOG-1-03-300x86.png 300w, https:\/\/andreaarias.com.gt\/BLOG\/wp-content\/uploads\/2020\/09\/BANNER-BLOG-1-03-768x220.png 768w, https:\/\/andreaarias.com.gt\/BLOG\/wp-content\/uploads\/2020\/09\/BANNER-BLOG-1-03-1536x440.png 1536w, https:\/\/andreaarias.com.gt\/BLOG\/wp-content\/uploads\/2020\/09\/BANNER-BLOG-1-03-2048x587.png 2048w\" sizes=\"(max-width: 606px) 100vw, 606px\" \/><\/figure><\/div>\n\n\n\n<p>He reafirmado en este tiempo que la vida siempre nos va a sorprender y tenemos que estar preparados para saber improvisar.  El mundo pondr\u00e1 a prueba nuestra capacidad para crear nuevos caminos, adaptarnos a los tiempos, superarlos y darnos cuenta de nuestro liderazgo. Estas pruebas solo fortalecer\u00e1n o establecer\u00e1n nuestra esencia, nuestras metas, nuestros sue\u00f1os y nuestros valores.<\/p>\n\n\n\n<p>Hoy vivimos entre mascarillas, con alertas constantes  que nos mantienen atentos al distanciamiento social, al aislamiento y a la prevenci\u00f3n. Todo esto es v\u00e1lido,  porque  vivimos una crisis mundial de salud y m\u00e1s cuando esta crisis es una pandemia que reafirma nuestras prioridades en la vida&#8230;<em>\u00a0<strong>\u00a1Interesante manera de aprender!<\/strong>\u00a0<\/em><\/p>\n\n\n\n<figure class=\"wp-block-image size-large\"><img decoding=\"async\" width=\"1024\" height=\"547\" src=\"http:\/\/andreaarias.com.gt\/blog\/wp-content\/uploads\/2020\/09\/BLOG-1-IMAGENES-07-1024x547.jpg\" alt=\"\" class=\"wp-image-896\" srcset=\"https:\/\/andreaarias.com.gt\/BLOG\/wp-content\/uploads\/2020\/09\/BLOG-1-IMAGENES-07-1024x547.jpg 1024w, https:\/\/andreaarias.com.gt\/BLOG\/wp-content\/uploads\/2020\/09\/BLOG-1-IMAGENES-07-300x160.jpg 300w, https:\/\/andreaarias.com.gt\/BLOG\/wp-content\/uploads\/2020\/09\/BLOG-1-IMAGENES-07-768x410.jpg 768w, https:\/\/andreaarias.com.gt\/BLOG\/wp-content\/uploads\/2020\/09\/BLOG-1-IMAGENES-07-1536x821.jpg 1536w, https:\/\/andreaarias.com.gt\/BLOG\/wp-content\/uploads\/2020\/09\/BLOG-1-IMAGENES-07.jpg 1600w\" sizes=\"(max-width: 1024px) 100vw, 1024px\" \/><\/figure>\n\n\n\n<p>Por eso escribo estas palabras que salen de mi coraz\u00f3n, en medio de todo ese bombardeo diario de informaci\u00f3n que nos puede hacer olvidar todo lo bello que hoy tenemos. Cada quien sabe exactamente cu\u00e1les son sus prioridades y el centro de su vida, haciendo que hoy nos mantengamos despiertos, vivos, radiantes, como lo puede ser; nuestra familia y nuestros seres queridos. Aparte de eso personal que nos hace vibrar diariamente existe otra raz\u00f3n para complementar esa prioridad y me refiero a este lugar f\u00edsico que nos da la oportunidad de realizarnos, crear, construir y hacer vida permiti\u00e9ndonos florecer todos los d\u00edas. Estoy hablando de nuestra patria, nuestra tierra, nuestra naci\u00f3n, nuestra \u201c<strong><em>Guatemala tierra linda\u201d.<\/em><\/strong><\/p>\n\n\n\n<figure class=\"wp-block-image size-large\"><img decoding=\"async\" width=\"1024\" height=\"547\" src=\"http:\/\/andreaarias.com.gt\/blog\/wp-content\/uploads\/2020\/09\/BLOG-1-IMAGENES_Mesa-de-trabajo-1-1024x547.jpg\" alt=\"\" class=\"wp-image-891\" srcset=\"https:\/\/andreaarias.com.gt\/BLOG\/wp-content\/uploads\/2020\/09\/BLOG-1-IMAGENES_Mesa-de-trabajo-1-1024x547.jpg 1024w, https:\/\/andreaarias.com.gt\/BLOG\/wp-content\/uploads\/2020\/09\/BLOG-1-IMAGENES_Mesa-de-trabajo-1-300x160.jpg 300w, https:\/\/andreaarias.com.gt\/BLOG\/wp-content\/uploads\/2020\/09\/BLOG-1-IMAGENES_Mesa-de-trabajo-1-768x410.jpg 768w, https:\/\/andreaarias.com.gt\/BLOG\/wp-content\/uploads\/2020\/09\/BLOG-1-IMAGENES_Mesa-de-trabajo-1-1536x821.jpg 1536w, https:\/\/andreaarias.com.gt\/BLOG\/wp-content\/uploads\/2020\/09\/BLOG-1-IMAGENES_Mesa-de-trabajo-1.jpg 1600w\" sizes=\"(max-width: 1024px) 100vw, 1024px\" \/><\/figure>\n\n\n\n<p>Hoy estamos en el mes patrio celebrando la independencia de nuestro pa\u00eds. Estoy consciente de la complejidad pol\u00edtica que nos rodea diariamente. Pero tambi\u00e9n estoy consciente que somos m\u00e1s los guatemaltecos que estamos luchando honradamente para hacer historia. Que contra capa y espada defendemos la libertad por construir a nuestro alrededor valores en democracia como: la honradez, la lealtad, la justicia, la responsabilidad, la integridad, el respeto, entre otros. Saben algo vivir as\u00ed:&nbsp;<strong><em>\u00a1No tiene precio en la vida!<\/em>&nbsp;<\/strong>Y solo tenemos la dicha de disfrutarlo los que luchamos, nos esforzamos cada d\u00eda para vivir en verdad.<\/p>\n\n\n\n<figure class=\"wp-block-image size-large\"><img loading=\"lazy\" decoding=\"async\" width=\"1024\" height=\"547\" src=\"http:\/\/andreaarias.com.gt\/blog\/wp-content\/uploads\/2020\/09\/BLOG-1-IMAGENES-02-1024x547.jpg\" alt=\"\" class=\"wp-image-892\" srcset=\"https:\/\/andreaarias.com.gt\/BLOG\/wp-content\/uploads\/2020\/09\/BLOG-1-IMAGENES-02-1024x547.jpg 1024w, https:\/\/andreaarias.com.gt\/BLOG\/wp-content\/uploads\/2020\/09\/BLOG-1-IMAGENES-02-300x160.jpg 300w, https:\/\/andreaarias.com.gt\/BLOG\/wp-content\/uploads\/2020\/09\/BLOG-1-IMAGENES-02-768x410.jpg 768w, https:\/\/andreaarias.com.gt\/BLOG\/wp-content\/uploads\/2020\/09\/BLOG-1-IMAGENES-02-1536x820.jpg 1536w, https:\/\/andreaarias.com.gt\/BLOG\/wp-content\/uploads\/2020\/09\/BLOG-1-IMAGENES-02.jpg 1600w\" sizes=\"(max-width: 1024px) 100vw, 1024px\" \/><\/figure>\n\n\n\n<p>Por este motivo quiero agradecer a cada guatemalteco trabajador que ha sabido superar las pruebas de la vida con dignidad y honor. Gracias a todos los profesionales que en los momentos de crisis de este a\u00f1o demuestran con su trabajo y\/o sus nuevos emprendimientos que Guatemala es el pa\u00eds de las oportunidades y que Guatemala siempre sale adelante, nunca se queda atr\u00e1s. Gracias a todos los ni\u00f1os, ni\u00f1as y adolescentes del pa\u00eds que han sabido seguir instrucciones construyendo una generaci\u00f3n de orgullo. Gracias a nuestros adultos mayores por ser la experiencia de vida que forjan nuestro camino y gracias a todos los peque\u00f1os, medianos y grandes empresarios que se adaptaron al cambio y mantienen firme este pa\u00eds conservando lo m\u00e1s importante que hoy tenemos:<em>&nbsp;<strong>\u201cNuestra gente\u201d<\/strong>.<\/em><\/p>\n\n\n\n<figure class=\"wp-block-image size-large\"><img loading=\"lazy\" decoding=\"async\" width=\"1024\" height=\"547\" src=\"http:\/\/andreaarias.com.gt\/blog\/wp-content\/uploads\/2020\/09\/BLOG-1-IMAGENES-04-1024x547.jpg\" alt=\"\" class=\"wp-image-894\" srcset=\"https:\/\/andreaarias.com.gt\/BLOG\/wp-content\/uploads\/2020\/09\/BLOG-1-IMAGENES-04-1024x547.jpg 1024w, https:\/\/andreaarias.com.gt\/BLOG\/wp-content\/uploads\/2020\/09\/BLOG-1-IMAGENES-04-300x160.jpg 300w, https:\/\/andreaarias.com.gt\/BLOG\/wp-content\/uploads\/2020\/09\/BLOG-1-IMAGENES-04-768x410.jpg 768w, https:\/\/andreaarias.com.gt\/BLOG\/wp-content\/uploads\/2020\/09\/BLOG-1-IMAGENES-04-1536x820.jpg 1536w, https:\/\/andreaarias.com.gt\/BLOG\/wp-content\/uploads\/2020\/09\/BLOG-1-IMAGENES-04.jpg 1600w\" sizes=\"(max-width: 1024px) 100vw, 1024px\" \/><\/figure>\n\n\n\n<p><em>Usted, t\u00fa, vos, como decimos en el buen chap\u00edn: \u00abGracias por seguir creyendo y construir una vida de honor en nuestra<\/em>\u00bb <\/p>\n\n\n\n<h4 class=\"wp-block-heading\"><strong><em>\u00a1Guatemala tierra linda!<\/em><\/strong><\/h4>\n\n\n\n<figure class=\"wp-block-image size-large\"><img loading=\"lazy\" decoding=\"async\" width=\"1024\" height=\"547\" src=\"http:\/\/andreaarias.com.gt\/blog\/wp-content\/uploads\/2020\/09\/BLOG-1-IMAGENES-05-1024x547.jpg\" alt=\"\" class=\"wp-image-895\" srcset=\"https:\/\/andreaarias.com.gt\/BLOG\/wp-content\/uploads\/2020\/09\/BLOG-1-IMAGENES-05-1024x547.jpg 1024w, https:\/\/andreaarias.com.gt\/BLOG\/wp-content\/uploads\/2020\/09\/BLOG-1-IMAGENES-05-300x160.jpg 300w, https:\/\/andreaarias.com.gt\/BLOG\/wp-content\/uploads\/2020\/09\/BLOG-1-IMAGENES-05-768x410.jpg 768w, https:\/\/andreaarias.com.gt\/BLOG\/wp-content\/uploads\/2020\/09\/BLOG-1-IMAGENES-05-1536x820.jpg 1536w, https:\/\/andreaarias.com.gt\/BLOG\/wp-content\/uploads\/2020\/09\/BLOG-1-IMAGENES-05.jpg 1600w\" sizes=\"(max-width: 1024px) 100vw, 1024px\" \/><\/figure>\n","protected":false},"excerpt":{"rendered":"<p>He reafirmado en este tiempo que la vida siempre nos va a sorprender y tenemos que estar preparados para saber improvisar. El mundo pondr\u00e1 a prueba nuestra capacidad para crear nuevos caminos, adaptarnos a los tiempos, superarlos y darnos cuenta de nuestro liderazgo. Estas pruebas solo fortalecer\u00e1n o establecer\u00e1n nuestra esencia, nuestras metas, nuestros sue\u00f1os &hellip; <a href=\"https:\/\/andreaarias.com.gt\/BLOG\/guatemala-tierra-linda-3\/\" class=\"more-link\">Seguir leyendo <span class=\"screen-reader-text\">GUATEMALA TIERRA LINDA<\/span> <span class=\"meta-nav\">&rarr;<\/span><\/a><\/p>\n","protected":false},"author":1,"featured_media":854,"comment_status":"open","ping_status":"closed","sticky":false,"template":"","format":"standard","meta":{"footnotes":""},"categories":[],"tags":[],"class_list":["post-872","post","type-post","status-publish","format-standard","has-post-thumbnail","hentry"],"_links":{"self":[{"href":"https:\/\/andreaarias.com.gt\/BLOG\/wp-json\/wp\/v2\/posts\/872"}],"collection":[{"href":"https:\/\/andreaarias.com.gt\/BLOG\/wp-json\/wp\/v2\/posts"}],"about":[{"href":"https:\/\/andreaarias.com.gt\/BLOG\/wp-json\/wp\/v2\/types\/post"}],"author":[{"embeddable":true,"href":"https:\/\/andreaarias.com.gt\/BLOG\/wp-json\/wp\/v2\/users\/1"}],"replies":[{"embeddable":true,"href":"https:\/\/andreaarias.com.gt\/BLOG\/wp-json\/wp\/v2\/comments?post=872"}],"version-history":[{"count":26,"href":"https:\/\/andreaarias.com.gt\/BLOG\/wp-json\/wp\/v2\/posts\/872\/revisions"}],"predecessor-version":[{"id":906,"href":"https:\/\/andreaarias.com.gt\/BLOG\/wp-json\/wp\/v2\/posts\/872\/revisions\/906"}],"wp:featuredmedia":[{"embeddable":true,"href":"https:\/\/andreaarias.com.gt\/BLOG\/wp-json\/wp\/v2\/media\/854"}],"wp:attachment":[{"href":"https:\/\/andreaarias.com.gt\/BLOG\/wp-json\/wp\/v2\/media?parent=872"}],"wp:term":[{"taxonomy":"category","embeddable":true,"href":"https:\/\/andreaarias.com.gt\/BLOG\/wp-json\/wp\/v2\/categories?post=872"},{"taxonomy":"post_tag","embeddable":true,"href":"https:\/\/andreaarias.com.gt\/BLOG\/wp-json\/wp\/v2\/tags?post=872"}],"curies":[{"name":"wp","href":"https:\/\/api.w.org\/{rel}","templated":true}]}}